{"id":5434,"date":"2013-07-01T18:23:29","date_gmt":"2013-07-01T18:23:29","guid":{"rendered":"http:\/\/tramacultura.org\/?p=5434"},"modified":"2018-10-26T19:17:06","modified_gmt":"2018-10-26T19:17:06","slug":"la-cultura-duna-altra-manera","status":"publish","type":"post","link":"https:\/\/tramacultura.org\/?p=5434","title":{"rendered":"LA CULTURA D&#8217;UNA ALTRA MANERA"},"content":{"rendered":"<p style=\"text-align: justify;\"><img loading=\"lazy\" decoding=\"async\" class=\"alignnone wp-image-5435\" src=\"http:\/\/tramacultura.org\/w\/wp-content\/uploads\/2018\/10\/2017-07-19-PHOTO-00014274-300x225.jpg\" alt=\"2017-07-19-PHOTO-00014274\" width=\"450\" height=\"338\" srcset=\"https:\/\/tramacultura.org\/wp-content\/uploads\/2018\/10\/2017-07-19-PHOTO-00014274-300x225.jpg 300w, https:\/\/tramacultura.org\/wp-content\/uploads\/2018\/10\/2017-07-19-PHOTO-00014274-1024x768.jpg 1024w, https:\/\/tramacultura.org\/wp-content\/uploads\/2018\/10\/2017-07-19-PHOTO-00014274-700x525.jpg 700w, https:\/\/tramacultura.org\/wp-content\/uploads\/2018\/10\/2017-07-19-PHOTO-00014274-332x249.jpg 332w, https:\/\/tramacultura.org\/wp-content\/uploads\/2018\/10\/2017-07-19-PHOTO-00014274.jpg 1600w\" sizes=\"auto, (max-width: 450px) 100vw, 450px\" \/><\/p>\n<p style=\"text-align: justify;\"><span style=\"font-weight: 400;\">A trav\u00e9s de xerrades, debats, tallers, cursos, espectacles, rutes urbanes, visites comentades i accions comunit\u00e0ries, apropem les humanitats, la cultura i els llenguatges art\u00edstics a la ciutadania des d\u2019una perspectiva cr\u00edtica, participativa i compromesa. Mitjan\u00e7ant la hist\u00f2ria, l\u2019art, la filosofia i la ci\u00e8ncia, recuperem la mem\u00f2ria col\u00b7lectiva, analitzem les problem\u00e0tiques socials contempor\u00e0nies i debatem sobre com transformar el nostre futur.<\/span><\/p>\n<p style=\"text-align: justify;\"><span style=\"font-weight: 400;\">Tallers, activitats culturals, cursos, rutes, visites comentades i altres formats dirigits al p\u00fablic general o a col\u00b7lectius espec\u00edfics com infants, fam\u00edlies, joves, dones o gent gran. A disposici\u00f3 de grups, entitats i equipaments de Catalunya.<\/span><\/p>\n<p style=\"text-align: justify;\"><span style=\"color: #ffffff;\">.<\/span><\/p>\n<p style=\"text-align: justify;\"><span style=\"color: #ff0000;\"><span style=\"font-weight: 600;\"># Visitem la Barcelona cultural<\/span><\/span><\/p>\n<p style=\"text-align: justify;\">Descobrirem el patrimoni art\u00edstic de Barcelona i gaudirem de la vida cultural de la ciutat mitjan\u00e7ant visites comentades a\u00a0museus, centres culturals, exposicions temporals i espais d\u2019inter\u00e8s art\u00edstic com galeries o f\u00e0briques de creaci\u00f3.<\/p>\n<p style=\"text-align: justify;\"><span style=\"color: #ffffff;\">.<\/span><\/p>\n<p style=\"text-align: justify;\"><span style=\"color: #ff0000;\"><span style=\"font-weight: 600;\"># Llegim el cinema<\/span><\/span><\/p>\n<p style=\"text-align: justify;\">Per qu\u00e8 ens commou el cinema? Com es construeixen hist\u00f2ries i s\u2019expressen emocions en el mitj\u00e0 audiovisual? A partir de seq\u00fc\u00e8ncies cl\u00e0ssiques i contempor\u00e0nies, ens aproparem al llenguatge cinematogr\u00e0fic per con\u00e8ixer les possibilitats est\u00e8tiques, narratives i dram\u00e0tiques de la llum, el moviment de c\u00e0mera, la banda sonora o el muntatge. Aprendrem a analitzar les pel\u00b7l\u00edcules per ser m\u00e9s conscients de com llegim el cinema.<\/p>\n<p style=\"text-align: justify;\"><span style=\"color: #ffffff;\">.<\/span><\/p>\n<p style=\"text-align: justify;\"><span style=\"color: #ff0000;\"><span style=\"font-weight: 600;\">#\u00a0<em>L\u2019art d\u2019intervenir<\/em>. Apropiaci\u00f3 art\u00edstica i cr\u00edtica social<\/span><\/span><\/p>\n<p style=\"text-align: justify;\">La intervenci\u00f3 sobre obres d\u2019art i altres icones ha esdevingut al llarg del segle XX una aut\u00e8ntica disciplina art\u00edstica que gaireb\u00e9 sempre ha servit per contravenir els poders establerts. Aprendrem a contestar a les imatges imposades pel mercat de l\u2019art, els mitjans de comunicaci\u00f3 i la publicitat, intervenint sobre aquestes, modificant-les, transgredint-les.<\/p>\n<p style=\"text-align: justify;\"><span style=\"color: #ffffff;\">.<\/span><\/p>\n<p style=\"text-align: justify;\"><span style=\"color: #ff0000;\"><span style=\"font-weight: 600;\"># \u00c8tica i cinema<\/span><\/span><\/p>\n<p style=\"text-align: justify;\">A partir de peces audiovisuals, visualitzarem diferents conflictes morals, socials i pol\u00edtics, i debatrem sobre la causa i l\u2019efecte de les nostres accions. Alhora, descobrirem com la narraci\u00f3 cinematogr\u00e0fica, fonamentada en la presa de decisions dels personatges i en la capacitat d\u2019empatia del p\u00fablic, est\u00e0 \u00edntimament lligada a l\u2019\u00e8tica.<\/p>\n<p style=\"text-align: justify;\"><span style=\"font-weight: 400;\">\u00a0<\/span><\/p>\n","protected":false},"excerpt":{"rendered":"<p>A trav\u00e9s de xerrades, debats, tallers, cursos, espectacles, rutes urbanes, visites comentades i accions comunit\u00e0ries, apropem les humanitats, la cultura i els llenguatges art\u00edstics a la ciutadania des d\u2019una perspectiva cr\u00edtica, participativa i compromesa. Mitjan\u00e7ant la hist\u00f2ria, l\u2019art, la filosofia i la ci\u00e8ncia, recuperem la mem\u00f2ria col\u00b7lectiva, analitzem les problem\u00e0tiques &#8230;<\/p>\n","protected":false},"author":1,"featured_media":5436,"comment_status":"closed","ping_status":"closed","sticky":false,"template":"","format":"standard","meta":{"footnotes":""},"categories":[1],"tags":[],"class_list":["post-5434","post","type-post","status-publish","format-standard","has-post-thumbnail","hentry","category-uncategorized","column","threecol","has-thumbnail"],"_links":{"self":[{"href":"https:\/\/tramacultura.org\/index.php?rest_route=\/wp\/v2\/posts\/5434","targetHints":{"allow":["GET"]}}],"collection":[{"href":"https:\/\/tramacultura.org\/index.php?rest_route=\/wp\/v2\/posts"}],"about":[{"href":"https:\/\/tramacultura.org\/index.php?rest_route=\/wp\/v2\/types\/post"}],"author":[{"embeddable":true,"href":"https:\/\/tramacultura.org\/index.php?rest_route=\/wp\/v2\/users\/1"}],"replies":[{"embeddable":true,"href":"https:\/\/tramacultura.org\/index.php?rest_route=%2Fwp%2Fv2%2Fcomments&post=5434"}],"version-history":[{"count":3,"href":"https:\/\/tramacultura.org\/index.php?rest_route=\/wp\/v2\/posts\/5434\/revisions"}],"predecessor-version":[{"id":5468,"href":"https:\/\/tramacultura.org\/index.php?rest_route=\/wp\/v2\/posts\/5434\/revisions\/5468"}],"wp:featuredmedia":[{"embeddable":true,"href":"https:\/\/tramacultura.org\/index.php?rest_route=\/wp\/v2\/media\/5436"}],"wp:attachment":[{"href":"https:\/\/tramacultura.org\/index.php?rest_route=%2Fwp%2Fv2%2Fmedia&parent=5434"}],"wp:term":[{"taxonomy":"category","embeddable":true,"href":"https:\/\/tramacultura.org\/index.php?rest_route=%2Fwp%2Fv2%2Fcategories&post=5434"},{"taxonomy":"post_tag","embeddable":true,"href":"https:\/\/tramacultura.org\/index.php?rest_route=%2Fwp%2Fv2%2Ftags&post=5434"}],"curies":[{"name":"wp","href":"https:\/\/api.w.org\/{rel}","templated":true}]}}