{"id":5428,"date":"2013-07-03T18:20:30","date_gmt":"2013-07-03T18:20:30","guid":{"rendered":"http:\/\/tramacultura.org\/?p=5428"},"modified":"2018-10-26T19:12:29","modified_gmt":"2018-10-26T19:12:29","slug":"animem-el-barri","status":"publish","type":"post","link":"https:\/\/tramacultura.org\/?p=5428","title":{"rendered":"ANIMEM EL BARRI!"},"content":{"rendered":"<p style=\"text-align: justify;\"><img loading=\"lazy\" decoding=\"async\" class=\"alignnone wp-image-5430\" src=\"http:\/\/tramacultura.org\/w\/wp-content\/uploads\/2018\/10\/Can-Roger-10-300x236.jpg\" alt=\"\" width=\"450\" height=\"354\" srcset=\"https:\/\/tramacultura.org\/wp-content\/uploads\/2018\/10\/Can-Roger-10-300x236.jpg 300w, https:\/\/tramacultura.org\/wp-content\/uploads\/2018\/10\/Can-Roger-10-1024x805.jpg 1024w, https:\/\/tramacultura.org\/wp-content\/uploads\/2018\/10\/Can-Roger-10-700x550.jpg 700w, https:\/\/tramacultura.org\/wp-content\/uploads\/2018\/10\/Can-Roger-10-332x261.jpg 332w\" sizes=\"auto, (max-width: 450px) 100vw, 450px\" \/><\/p>\n<p style=\"text-align: justify;\"><i><span style=\"font-weight: 400;\">Mitjan\u00e7ant la dinamitzaci\u00f3 d\u2019accions art\u00edstiques comunit\u00e0ries realitzades als espais p\u00fablics dels barris per persones i col\u00b7lectius en col\u00b7laboraci\u00f3 amb entitats i agents socioecon\u00f2mics del territori, sensibilitzem a la ciutadania i fomentem la cohesi\u00f3 social i les relacions de pertinen\u00e7a de la comunitat.<\/span><\/i><\/p>\n<p style=\"text-align: justify;\"><span style=\"font-weight: 400;\">Tallers per a la ideaci\u00f3 i desenvolupament d\u2019accions art\u00edstiques comunit\u00e0ries dirigits a grups i col\u00b7lectius dels barris. \u00a0A disposici\u00f3 de grups, entitats i equipaments de Catalunya.<\/span><\/p>\n<p style=\"text-align: justify;\"><span style=\"color: #ffffff;\">.<\/span><\/p>\n<p style=\"text-align: justify;\"><span style=\"font-weight: 600;\"><span style=\"color: #ff0000;\">Argumentari<\/span><\/span><\/p>\n<p style=\"text-align: justify;\">L\u2019art i la creaci\u00f3 cultural, en les seves m\u00faltiples manifestacions, juguen un paper important en l\u2019educaci\u00f3 i la socialitzaci\u00f3 de les persones i en la construcci\u00f3 de la mem\u00f2ria, l\u2019imaginari i les identitats col\u00b7lectives. Com m\u00e9s propers es mostren a la ciutadania, m\u00e9s capacitat de sensibilitzaci\u00f3 adquireixen i m\u00e9s poden influir en la transformaci\u00f3 social, la cohesi\u00f3 de la comunitat i el benestar personal. En aquest sentit, destaquen dos fen\u00f2mens art\u00edstics i culturals cada cop m\u00e9s presents i consolidats. Per una banda, les intervencions a l\u2019espai p\u00fablic: art urb\u00e0, accions performatives, teatre de carrer, etc. que introdueixen el fenomen art\u00edstic a la vida quotidiana i interpel\u00b7len directament a la ciutadania. Per l\u2019altra, les propostes de cocreaci\u00f3, que conviden al p\u00fablic a participar de forma creativa, i els projectes d\u2019autorrepresentaci\u00f3 que posen en mans de col\u2022lectius socials les eines perqu\u00e8 puguin construir el seu propi relat. Aquestes estrat\u00e8gies art\u00edstiques s\u00f3n \u00fatils i cada cop m\u00e9s necess\u00e0ries per sensibilitzar a la ciutadania i potenciar la cohesi\u00f3 social.<\/p>\n<p style=\"text-align: justify;\">Animem el barri!\u00a0s\u2019emmarca en les bases i objectius generals de l\u2019associaci\u00f3 i est\u00e0 en la l\u00ednia d\u2019altres projectes de Trama que vinculen la creaci\u00f3 art\u00edstica i cultural amb el territori i la comunitat, com \u00e9s el cas del Projecte Minerva de creadores de Gr\u00e0cia, dinamitzat en col\u2022laboraci\u00f3 amb el districte de Gr\u00e0cia o el Premi Jove de C\u00f2mic Sant Mart\u00ed per a la prevenci\u00f3 i eradicaci\u00f3 de la viol\u00e8ncia masclista dut a terme en col\u00b7laboraci\u00f3 amb el Districte de Sant Mart\u00ed, Biblioteques de Barcelona i la Regidoria de Cicle de Vida, Feminismes i LGTBI de l\u2019Ajuntament de Barcelona. Tamb\u00e9 parteix d\u2019experi\u00e8ncies pr\u00e8vies de l\u2019entitat i de les persones associades i col\u00b7laboradores en els camps de l\u2019animaci\u00f3 stop motion, l\u2019art urb\u00e0 i el teatre dels i les oprimides. En la l\u00ednia general de les activitats realitzades per l\u2019associaci\u00f3, les accions art\u00edstiques que es porten a terme s\u2019adapten al m\u00e0xim a cada barri, col\u2022lectiu i espai urb\u00e0, i fomenten l\u2019an\u00e0lisi cr\u00edtica, la reflexi\u00f3 col\u00b7lectiva i la interacci\u00f3 i la implicaci\u00f3 activa de les persones participants. Una de les apostes importants del projecte \u00e9s que els grups i agents participants siguin en tot moment protagonistes, actors i creadors de les accions. En aquest sentit, la nostra tasca se centra a dinamitzar, acompanyar i facilitar el treball dels grups en les diferents fases de l\u2019acci\u00f3 art\u00edstica: ideaci\u00f3, planificaci\u00f3, realitzaci\u00f3, documentaci\u00f3 i difusi\u00f3. Per a fer-ho, impulsem les accions interactuant amb els col\u2022lectius, entitats i equipaments del barri i donem suport als\u00a0grups participants realitzant tallers de sensibilitzaci\u00f3 i creaci\u00f3 col\u00b7lectiva.<\/p>\n<p style=\"text-align: justify;\"><span style=\"color: #ffffff;\">.<\/span><\/p>\n<p style=\"text-align: justify;\"><span style=\"font-weight: 600;\"><span style=\"color: #ff0000;\">Objectius<\/span><\/span><\/p>\n<p style=\"text-align: justify;\">&#8211; Fomentar l\u2019aprenentatge art\u00edstic, la creativitat, l\u2019expressi\u00f3 individual i col\u00b7lectiva, la participaci\u00f3 activa i la implicaci\u00f3 en la comunitat de les persones i grups de poblaci\u00f3 participants<\/p>\n<p style=\"text-align: justify;\">&#8211; Promoure la consci\u00e8ncia c\u00edvica, la conviv\u00e8ncia urbana, l\u2019acci\u00f3 comunit\u00e0ria, la cohesi\u00f3 social i la construcci\u00f3 de relacions de pertinen\u00e7a al barri mitjan\u00e7ant la creaci\u00f3 col\u00b7lectiva i la participaci\u00f3 i col\u00b7laboraci\u00f3 de col\u00b7lectius, entitats i associacions, agents socioecon\u00f2mics i ciutadania.<\/p>\n<p style=\"text-align: justify;\">&#8211; Incentivar la informaci\u00f3, l\u2019an\u00e0lisi cr\u00edtica, la reflexi\u00f3 i la sensibilitzaci\u00f3 de la societat mitjan\u00e7ant representacions i discursos art\u00edstics de problem\u00e0tiques socials.<\/p>\n<p style=\"text-align: justify;\">&#8211; Potenciar la transformaci\u00f3 social a trav\u00e9s de la imaginaci\u00f3 i la creativitat de les persones i col\u00b7lectius participants.<\/p>\n<p style=\"text-align: justify;\">&#8211; Potenciar la visibilitat de l\u2019acci\u00f3 comunit\u00e0ria i l\u2019impacte en el territori, mitjan\u00e7ant accions art\u00edstiques en l\u2019espai p\u00fablic.<\/p>\n<p style=\"text-align: justify;\">&#8211; Enfortir la mem\u00f2ria, l\u2019imaginari i la identitat de la comunitat i visibilitzar la seva realitat generant creaci\u00f3 cultural i patrimoni art\u00edstic per als barris i des dels barris.<\/p>\n<p style=\"text-align: justify;\"><span style=\"color: #ffffff;\">.<\/span><\/p>\n<p style=\"text-align: justify;\"><span style=\"font-weight: 600;\"><span style=\"color: #ff0000;\">Metodologia<\/span><\/span><\/p>\n<p style=\"text-align: justify;\">Per a complir aquests objectius, farem difusi\u00f3 del projecte i interactuarem amb els col\u2022lectius, associacions, entitats i equipaments dels barris; i coordinarem i dinamitzarem mitjan\u00e7ant tallers de creaci\u00f3 col\u2022lectiva la ideaci\u00f3, planificaci\u00f3, realitzaci\u00f3, documentaci\u00f3 i difusi\u00f3 d\u2019accions art\u00edstiques per part de col\u00b7lectius o grups de poblaci\u00f3 de la comunitat, en col\u00b7laboraci\u00f3 amb agents socioecon\u00f2mics del barri. Tamb\u00e9 ens farem ress\u00f2 de les accions realitzades a trav\u00e9s de les xarxes socials i del nostre entorn virtual.<\/p>\n<p style=\"text-align: justify;\">Els grups i agents implicats decidiran en quin format realitzaran la intervenci\u00f3 art\u00edstica, podent escollir entre animaci\u00f3 stop motion a l\u2019aire lliure, art urb\u00e0, performance o teatre de carrer. Tamb\u00e9 escolliran la tem\u00e0tica social a tractar, que sempre haur\u00e0 d\u2019estar vinculada a la realitat del barri, i l\u2019espai de realitzaci\u00f3. El projecte es desenvolupar\u00e0 en sessions de debat participatiu i creaci\u00f3 col\u00b7lectiva, en les quals tamb\u00e9 es visionaran i valoraran exemples de projectes similars al que es vol plantejar.<\/p>\n","protected":false},"excerpt":{"rendered":"<p>Mitjan\u00e7ant la dinamitzaci\u00f3 d\u2019accions art\u00edstiques comunit\u00e0ries realitzades als espais p\u00fablics dels barris per persones i col\u00b7lectius en col\u00b7laboraci\u00f3 amb entitats i agents socioecon\u00f2mics del territori, sensibilitzem a la ciutadania i fomentem la cohesi\u00f3 social i les relacions de pertinen\u00e7a de la comunitat. Tallers per a la ideaci\u00f3 i desenvolupament d\u2019accions &#8230;<\/p>\n","protected":false},"author":1,"featured_media":4358,"comment_status":"closed","ping_status":"closed","sticky":false,"template":"","format":"standard","meta":{"footnotes":""},"categories":[1],"tags":[],"class_list":["post-5428","post","type-post","status-publish","format-standard","has-post-thumbnail","hentry","category-uncategorized","column","threecol","has-thumbnail"],"_links":{"self":[{"href":"https:\/\/tramacultura.org\/index.php?rest_route=\/wp\/v2\/posts\/5428","targetHints":{"allow":["GET"]}}],"collection":[{"href":"https:\/\/tramacultura.org\/index.php?rest_route=\/wp\/v2\/posts"}],"about":[{"href":"https:\/\/tramacultura.org\/index.php?rest_route=\/wp\/v2\/types\/post"}],"author":[{"embeddable":true,"href":"https:\/\/tramacultura.org\/index.php?rest_route=\/wp\/v2\/users\/1"}],"replies":[{"embeddable":true,"href":"https:\/\/tramacultura.org\/index.php?rest_route=%2Fwp%2Fv2%2Fcomments&post=5428"}],"version-history":[{"count":3,"href":"https:\/\/tramacultura.org\/index.php?rest_route=\/wp\/v2\/posts\/5428\/revisions"}],"predecessor-version":[{"id":5463,"href":"https:\/\/tramacultura.org\/index.php?rest_route=\/wp\/v2\/posts\/5428\/revisions\/5463"}],"wp:featuredmedia":[{"embeddable":true,"href":"https:\/\/tramacultura.org\/index.php?rest_route=\/wp\/v2\/media\/4358"}],"wp:attachment":[{"href":"https:\/\/tramacultura.org\/index.php?rest_route=%2Fwp%2Fv2%2Fmedia&parent=5428"}],"wp:term":[{"taxonomy":"category","embeddable":true,"href":"https:\/\/tramacultura.org\/index.php?rest_route=%2Fwp%2Fv2%2Fcategories&post=5428"},{"taxonomy":"post_tag","embeddable":true,"href":"https:\/\/tramacultura.org\/index.php?rest_route=%2Fwp%2Fv2%2Ftags&post=5428"}],"curies":[{"name":"wp","href":"https:\/\/api.w.org\/{rel}","templated":true}]}}