{"id":5425,"date":"2013-07-04T18:14:31","date_gmt":"2013-07-04T18:14:31","guid":{"rendered":"http:\/\/tramacultura.org\/?p=5425"},"modified":"2021-12-10T11:47:29","modified_gmt":"2021-12-10T11:47:29","slug":"fem-teatre","status":"publish","type":"post","link":"https:\/\/tramacultura.org\/?p=5425","title":{"rendered":"FEM TEATRE"},"content":{"rendered":"<p style=\"text-align: justify;\">\n<p style=\"text-align: justify;\"><span style=\"font-weight: 400;\">A trav\u00e9s d\u2019espectacles teatrals i debats participatius amb les actrius participants, reflexionem sobre diverses problem\u00e0tiques socials. Experimentarem amb el cos, la veu i la gestualitat per desenvolupar personatges i portar-los a escena, i amb diferents t\u00e8cniques del teatre dels i les oprimides, explorem col\u00b7lectivament i de manera creativa les diferents opressions i discriminacions que ens envolten per trobar eines i recursos que ens ajudin a combatre-les.<\/span><\/p>\n<p style=\"text-align: justify;\"><span style=\"color: #ff0000;\"><strong># Actuem! Teatre per la igualtat<\/strong><\/span><\/p>\n<p style=\"text-align: justify;\"><span style=\"color: #222222;\">A trav\u00e9s de les diferents t\u00e8cniques i jocs teatrals que ens ofereix el teatre dels i les oprimides, treballarem situacions de conflicte relacionades amb la viol\u00e8ncia de g\u00e8nere: les relacions sexo-afectives, la depend\u00e8ncia emocional i l\u2019ab\u00fas, les viol\u00e8ncies corporals i els rols de g\u00e8nere entre d\u2019altres. Aprendrem a detectar les situacions d\u2019injust\u00edcia, diferenciarem les relacions abusives de les relacions lliures i equitatives, i aprendrem a gestionar i resoldre conflictes.<\/span><\/p>\n<p><span style=\"color: #ffffff;\">.<\/span><\/p>\n<p><span style=\"color: #ff0000;\"><strong># Aix\u00f2 \u00e9s amor? Teatref\u00f2rum<\/strong><\/span><\/p>\n<p><span style=\"font-weight: 400;\">Viatjarem a trav\u00e9s de la hist\u00f2ria d\u2019una parella i ho farem anant enrere en el temps fins als seus inicis per reflexionar i entendre all\u00f2 que els ha portat fins on s\u00f3n ara. Destaparem els mites de l\u2019amor rom\u00e0ntic, les viol\u00e8ncies quotidianes i invisibles, q\u00fcestionarem els rols de g\u00e8nere, identificarem les viol\u00e8ncies masclistes i actuarem per canviar la hist\u00f2ria.<\/span><\/p>\n<p><a href=\"https:\/\/tramacultura.org\/?page_id=5631\">+ informaci\u00f3<\/a><\/p>\n<p><span style=\"color: #ff0000;\"><strong># CanBIem la festa! Teatref\u00f2rum<\/strong><\/span><\/p>\n<p><span style=\"font-weight: 400;\">Est\u00e0s a punt per a la festa? I si la festa en qu\u00e8 t\u2019ha tocat estar no t\u2019agrada?<\/span><\/p>\n<p><span style=\"font-weight: 400;\">La Carla \u00e9s una noia bisexual que sent que ha anat a una festa on ning\u00fa l\u2019ha convidat. La festa d\u2019una societat que sovint juga a fer-nos triar entre dues opcions aparentment incompatibles per encaixar-nos en l\u2019ordre establert: platja o muntanya?, carn o peix?, home o dona? heterosexual o homosexual? Qui no s\u2019identifica amb cap d\u2019elles, sovint s\u2019enfronta a la incomprensi\u00f3 dels qui nom\u00e9s conceben un m\u00f3n binari.<\/span><\/p>\n<p><span style=\"font-weight: 400;\">Reflexionarem col\u00b7lectivament entorn de la diversitat sexual i afectiva i proposarem modes d\u2019actuaci\u00f3 enfront de les situacions injustes, tot generant un espai per transformar-les.<\/span><\/p>\n<p><a href=\"https:\/\/tramacultura.org\/?page_id=6025\">+ informaci\u00f3<\/a><\/p>\n<p style=\"text-align: justify;\"><span style=\"color: #ffffff;\">.<\/span><\/p>\n<p style=\"text-align: justify;\"><span style=\"font-weight: 600;\"><span style=\"color: #ff0000;\"># Vindicacions. Espectacle<\/span><\/span><\/p>\n<p style=\"text-align: justify;\">A trav\u00e9s de dos personatges molt diferents entre si ens endinsarem en les diferents discriminacions i desigualtats de g\u00e8nere tot barrejant l\u2019humor, el drama i l\u2019an\u00e0lisi cr\u00edtica. Valent-nos de diferents formats (com la poesia, els mon\u00f2legs, les escenes teatrals i els sketchs) prendrem la veu de dones d\u2019ara, d\u2019abans i d\u2019arreu, escoltarem les seves vindicacions i \u00a0reflexionarem col\u00b7lectivament sobre els lligams entre els rols i les estructures de poder.<\/p>\n<p><a href=\"https:\/\/tramacultura.org\/?page_id=5637\">+ informaci\u00f3<\/a><\/p>\n<p><span style=\"color: #ffffff;\">.<\/span><\/p>\n","protected":false},"excerpt":{"rendered":"<p>A trav\u00e9s d\u2019espectacles teatrals i debats participatius amb les actrius participants, reflexionem sobre diverses problem\u00e0tiques socials. Experimentarem amb el cos, la veu i la gestualitat per desenvolupar personatges i portar-los a escena, i amb diferents t\u00e8cniques del teatre dels i les oprimides, explorem col\u00b7lectivament i de manera creativa les diferents &#8230;<\/p>\n","protected":false},"author":1,"featured_media":5427,"comment_status":"closed","ping_status":"closed","sticky":false,"template":"","format":"standard","meta":{"footnotes":""},"categories":[1],"tags":[],"class_list":["post-5425","post","type-post","status-publish","format-standard","has-post-thumbnail","hentry","category-uncategorized","column","threecol","has-thumbnail"],"_links":{"self":[{"href":"https:\/\/tramacultura.org\/index.php?rest_route=\/wp\/v2\/posts\/5425","targetHints":{"allow":["GET"]}}],"collection":[{"href":"https:\/\/tramacultura.org\/index.php?rest_route=\/wp\/v2\/posts"}],"about":[{"href":"https:\/\/tramacultura.org\/index.php?rest_route=\/wp\/v2\/types\/post"}],"author":[{"embeddable":true,"href":"https:\/\/tramacultura.org\/index.php?rest_route=\/wp\/v2\/users\/1"}],"replies":[{"embeddable":true,"href":"https:\/\/tramacultura.org\/index.php?rest_route=%2Fwp%2Fv2%2Fcomments&post=5425"}],"version-history":[{"count":6,"href":"https:\/\/tramacultura.org\/index.php?rest_route=\/wp\/v2\/posts\/5425\/revisions"}],"predecessor-version":[{"id":6029,"href":"https:\/\/tramacultura.org\/index.php?rest_route=\/wp\/v2\/posts\/5425\/revisions\/6029"}],"wp:featuredmedia":[{"embeddable":true,"href":"https:\/\/tramacultura.org\/index.php?rest_route=\/wp\/v2\/media\/5427"}],"wp:attachment":[{"href":"https:\/\/tramacultura.org\/index.php?rest_route=%2Fwp%2Fv2%2Fmedia&parent=5425"}],"wp:term":[{"taxonomy":"category","embeddable":true,"href":"https:\/\/tramacultura.org\/index.php?rest_route=%2Fwp%2Fv2%2Fcategories&post=5425"},{"taxonomy":"post_tag","embeddable":true,"href":"https:\/\/tramacultura.org\/index.php?rest_route=%2Fwp%2Fv2%2Ftags&post=5425"}],"curies":[{"name":"wp","href":"https:\/\/api.w.org\/{rel}","templated":true}]}}